{"id":2127,"date":"2022-02-08T14:24:26","date_gmt":"2022-02-08T13:24:26","guid":{"rendered":"https:\/\/mazury.travel\/rowery\/?post_type=miejsca_posts&#038;p=2127"},"modified":"2022-02-15T15:19:36","modified_gmt":"2022-02-15T14:19:36","slug":"zajazd-pod-klobukiem-w-maldytach","status":"publish","type":"miejsca_posts","link":"https:\/\/mazury.travel\/rowery\/miejsce\/zajazd-pod-klobukiem-w-maldytach\/","title":{"rendered":"Zajazd pod K\u0142obukiem w Ma\u0142dytach"},"content":{"rendered":"\n<p>Obiekt mocno zwi\u0105zany z histori\u0105 Prus Wschodnich i Oberlandu. W XVII w. stanowi\u0142 cz\u0119\u015b\u0107 du\u017cego kompleksu pa\u0142acowo-parkowego, b\u0119d\u0105cego we w\u0142adaniu Augusta II Mocnego. W 1813 r., w czasie kampanii rosyjskiej stacjonowa\u0142 tu Napoleon.Oko\u0142o 1820 r. budynek dzisiejszego zajazdu (dawna oficyna) zosta\u0142 przebudowany, zyskuj\u0105c form\u0119 neogotyckiego pa\u0142acyku, kt\u00f3r\u0105 zachowa\u0142 do czas\u00f3w obecnych. W latach 1841\u20131845 wynajmowa\u0142 go Georg Jacob Steenke, projektant i budowniczy Kana\u0142u Elbl\u0105skiego. W \u015bcianie przy wej\u015bciu umieszczono zabytkowy reper \u2013 znak geodezyjny. Przypuszcza si\u0119, \u017ce znalaz\u0142 si\u0119 tutaj na polecenie projektanta i s\u0142u\u017cy\u0142 Steenkemu w trakcie prac przy budowie kana\u0142u. G\u0142\u00f3wny budynek pa\u0142acu uleg\u0142 zniszczeniu w czasie II wojny \u015bwiatowej. Opr\u00f3cz oficyny zachowa\u0142a si\u0119 brama wjazdowa oraz pozosta\u0142o\u015bci parku z pomnikowymi drzewami. Na wprost wjazdu ro\u015bnie wspania\u0142y okaz licz\u0105cej ponad 150 lat tui, jednej z najwi\u0119kszych w Polsce, a w skrajnej cz\u0119\u015bci parku kr\u00f3luje ponad czterystuletni d\u0105b K\u0142obuk. Nazwa Zajazd pod K\u0142obukiem zosta\u0142a zaproponowana przez Zbigniewa Nienackiego, autora znanych powie\u015bci dla m\u0142odzie\u017cy o Panu Samochodziku, mieszkaj\u0105cego niegdy\u015b w pobliskim Jerzwa\u0142dzie.<\/p>\n","protected":false},"excerpt":{"rendered":"<p>Obiekt mocno zwi\u0105zany z histori\u0105 Prus Wschodnich i Oberlandu. W XVII w. stanowi\u0142 cz\u0119\u015b\u0107 du\u017cego kompleksu pa\u0142acowo-parkowego, b\u0119d\u0105cego we w\u0142adaniu Augusta II Mocnego. W 1813 r., w czasie kampanii rosyjskiej stacjonowa\u0142 tu Napoleon.Oko\u0142o 1820 r. budynek dzisiejszego zajazdu (dawna oficyna) zosta\u0142 przebudowany, zyskuj\u0105c form\u0119 neogotyckiego pa\u0142acyku, kt\u00f3r\u0105 zachowa\u0142 do czas\u00f3w obecnych. W latach 1841\u20131845 wynajmowa\u0142 [&hellip;]<\/p>\n","protected":false},"author":6,"featured_media":0,"template":"","format":"standard","kategorie_miejsca":[5],"class_list":["post-2127","miejsca_posts","type-miejsca_posts","status-publish","format-standard","hentry","kategorie_miejsca-atrakcja-turystyczna"],"_links":{"self":[{"href":"https:\/\/mazury.travel\/rowery\/wp-json\/wp\/v2\/miejsca_posts\/2127","targetHints":{"allow":["GET"]}}],"collection":[{"href":"https:\/\/mazury.travel\/rowery\/wp-json\/wp\/v2\/miejsca_posts"}],"about":[{"href":"https:\/\/mazury.travel\/rowery\/wp-json\/wp\/v2\/types\/miejsca_posts"}],"author":[{"embeddable":true,"href":"https:\/\/mazury.travel\/rowery\/wp-json\/wp\/v2\/users\/6"}],"version-history":[{"count":9,"href":"https:\/\/mazury.travel\/rowery\/wp-json\/wp\/v2\/miejsca_posts\/2127\/revisions"}],"predecessor-version":[{"id":2624,"href":"https:\/\/mazury.travel\/rowery\/wp-json\/wp\/v2\/miejsca_posts\/2127\/revisions\/2624"}],"wp:attachment":[{"href":"https:\/\/mazury.travel\/rowery\/wp-json\/wp\/v2\/media?parent=2127"}],"wp:term":[{"taxonomy":"kategorie_miejsca","embeddable":true,"href":"https:\/\/mazury.travel\/rowery\/wp-json\/wp\/v2\/kategorie_miejsca?post=2127"}],"curies":[{"name":"wp","href":"https:\/\/api.w.org\/{rel}","templated":true}]}}