{"id":2422,"date":"2022-02-14T12:49:16","date_gmt":"2022-02-14T11:49:16","guid":{"rendered":"https:\/\/mazury.travel\/rowery\/?post_type=miejsca_posts&#038;p=2422"},"modified":"2022-02-15T13:36:20","modified_gmt":"2022-02-15T12:36:20","slug":"ketrzyn","status":"publish","type":"miejsca_posts","link":"https:\/\/mazury.travel\/rowery\/miejsce\/ketrzyn\/","title":{"rendered":"K\u0119trzyn"},"content":{"rendered":"\n<p>Miasto ma prawie 30 tys. mieszka\u0144c\u00f3w. G\u0142\u00f3wnym zabytkiem sakralnym jest ko\u015bci\u00f3\u0142 pw. \u015bw. Jerzego z XIV w., podniesiony do rangi bazyliki mniejszej. To najlepiej zachowany ko\u015bci\u00f3\u0142 obronny na Mazurach. W jego wn\u0119trzu na uwag\u0119 zas\u0142uguj\u0105 sklepienia kryszta\u0142owe z 1515 r., XVI-wieczna ambona z przedstawieniami czo\u0142owych postaci reformacji oraz karcer. W tym samym czasie co ko\u015bci\u00f3\u0142 zacz\u0119to r\u00f3wnie\u017c budowa\u0107 zamek krzy\u017cacki. W 1945 r. zamek sp\u0142on\u0105\u0142, ale w latach 60. XX w. zosta\u0142 zrekonstruowany. Obecnie stanowi siedzib\u0119 muzeum. Atrakcj\u0105 miasta jest kompleks Stada Ogier\u00f3w, wybudowany w 1877 r., z 200-metrow\u0105, najd\u0142u\u017csz\u0105 w Europie stajni\u0105. Hodowane s\u0105 tu g\u0142\u00f3wnie konie zimnokrwiste. Stadnina s\u0142ynie z pokaz\u00f3w powo\u017cenia bryczkami.<br>K\u0119trzyn ma r\u00f3wnie\u017c tradycje przemys\u0142owe. W\u015br\u00f3d zak\u0142ad\u00f3w najbardziej rozpoznawalne s\u0105 k\u0119trzy\u0144skie \u201eMajonezy\u201d oraz fabryka Philips Lighting Poland \u2013 przedsi\u0119biorstwo za\u0142o\u017cone w 1948 r., kt\u00f3re w latach 60. XX w. funkcjonowa\u0142o jako K\u0119trzy\u0144ska Fabryka Sprz\u0119tu Elektrotechnicznego Farel. Do dzi\u015b wiele os\u00f3b nazywa termowentylator farelk\u0105. Okre\u015blenie to pochodzi z czas\u00f3w, gdy termowentylatory k\u0119trzy\u0144skiej firmy Farel by\u0142y jednymi z niewielu dost\u0119pnych na rynku.<\/p>\n","protected":false},"excerpt":{"rendered":"<p>Miasto ma prawie 30 tys. mieszka\u0144c\u00f3w. G\u0142\u00f3wnym zabytkiem sakralnym jest ko\u015bci\u00f3\u0142 pw. \u015bw. Jerzego z XIV w., podniesiony do rangi bazyliki mniejszej. To najlepiej zachowany ko\u015bci\u00f3\u0142 obronny na Mazurach. W jego wn\u0119trzu na uwag\u0119 zas\u0142uguj\u0105 sklepienia kryszta\u0142owe z 1515 r., XVI-wieczna ambona z przedstawieniami czo\u0142owych postaci reformacji oraz karcer. W tym samym czasie co ko\u015bci\u00f3\u0142 [&hellip;]<\/p>\n","protected":false},"author":3,"featured_media":0,"template":"","format":"standard","kategorie_miejsca":[5],"class_list":["post-2422","miejsca_posts","type-miejsca_posts","status-publish","format-standard","hentry","kategorie_miejsca-atrakcja-turystyczna"],"_links":{"self":[{"href":"https:\/\/mazury.travel\/rowery\/wp-json\/wp\/v2\/miejsca_posts\/2422","targetHints":{"allow":["GET"]}}],"collection":[{"href":"https:\/\/mazury.travel\/rowery\/wp-json\/wp\/v2\/miejsca_posts"}],"about":[{"href":"https:\/\/mazury.travel\/rowery\/wp-json\/wp\/v2\/types\/miejsca_posts"}],"author":[{"embeddable":true,"href":"https:\/\/mazury.travel\/rowery\/wp-json\/wp\/v2\/users\/3"}],"version-history":[{"count":4,"href":"https:\/\/mazury.travel\/rowery\/wp-json\/wp\/v2\/miejsca_posts\/2422\/revisions"}],"predecessor-version":[{"id":2587,"href":"https:\/\/mazury.travel\/rowery\/wp-json\/wp\/v2\/miejsca_posts\/2422\/revisions\/2587"}],"wp:attachment":[{"href":"https:\/\/mazury.travel\/rowery\/wp-json\/wp\/v2\/media?parent=2422"}],"wp:term":[{"taxonomy":"kategorie_miejsca","embeddable":true,"href":"https:\/\/mazury.travel\/rowery\/wp-json\/wp\/v2\/kategorie_miejsca?post=2422"}],"curies":[{"name":"wp","href":"https:\/\/api.w.org\/{rel}","templated":true}]}}